{"id":2111,"date":"2023-04-01T08:04:53","date_gmt":"2023-04-01T08:04:53","guid":{"rendered":"http:\/\/ginderich.de\/?p=2111"},"modified":"2023-04-01T08:07:35","modified_gmt":"2023-04-01T08:07:35","slug":"eventhalle-fuer-ginderich","status":"publish","type":"post","link":"http:\/\/ginderich.de\/?p=2111","title":{"rendered":"Eventhalle f\u00fcr Ginderich"},"content":{"rendered":"\n<p>Der eine oder andere Anwohner hat sich wohl schon \u00fcber die neue Baustelle an der Dorfschule gewundert. Auf der B\u00fcrgerversammlung gestern Abend in der Dorfschule wurde die Katze aus dem Sack gelassen. Ginderich bekommt eine Eventhalle. Marie-Therese Bauer stellte den interessierten Gindericher B\u00fcrgern das Projekt zurecht mit einer geh\u00f6rigen Portion Stolz vor.<\/p>\n\n\n\n<p>Mit der Eventhalle sagte Sie, wird die Dorfschule nun zweifelsfrei der gesellschaftliche und kulturelle Mittelpunkt Ginderichs und vielleicht auch \u00fcber die Grenzen des Wallfahrtsdorfs hinaus.<\/p>\n\n\n\n<p>Gef\u00f6rdert wird das auf rund 800.000 Euro veranschlagte Projekt jeweils zu gleichen Teilen von der Stadt Wesel, dem Land NRW und der Europ\u00e4ische Union.<\/p>\n\n\n\n<figure class=\"wp-block-image size-full\"><a href=\"http:\/\/ginderich.de\/wp-content\/uploads\/2023\/04\/220704-Foto-aussen_von-Sevendays-2-1024x564-1.jpg\"><img loading=\"lazy\" width=\"1024\" height=\"564\" src=\"http:\/\/ginderich.de\/wp-content\/uploads\/2023\/04\/220704-Foto-aussen_von-Sevendays-2-1024x564-1.jpg\" alt=\"\" class=\"wp-image-2112\" srcset=\"http:\/\/ginderich.de\/wp-content\/uploads\/2023\/04\/220704-Foto-aussen_von-Sevendays-2-1024x564-1.jpg 1024w, http:\/\/ginderich.de\/wp-content\/uploads\/2023\/04\/220704-Foto-aussen_von-Sevendays-2-1024x564-1-300x165.jpg 300w, http:\/\/ginderich.de\/wp-content\/uploads\/2023\/04\/220704-Foto-aussen_von-Sevendays-2-1024x564-1-768x423.jpg 768w\" sizes=\"(max-width: 1024px) 100vw, 1024px\" \/><\/a><figcaption>Beispielbild &#8211; Neumann Architektur<\/figcaption><\/figure>\n\n\n\n<p>Die Halle soll sowohl f\u00fcr private Veranstaltungen aber auch f\u00fcr Vereins- und Dorfaktivit\u00e4ten wie Kirmes, Pilgerparty, Karneval und letztendlich auch dem Sch\u00fctzenfest zur Verf\u00fcgung stehen. An dem Plan die Vogelstange zu verlegen, wird bereits seitens der Sch\u00fctzenbruderschaften gearbeitet.<\/p>\n\n\n\n<p>Die Bauzeit ist mit knapp einem Jahr veranschlagt, so dass die Einweihung bereits auf den 1. April 2024 terminiert ist. Wir freuen uns bereits auf eine ausgelassene Einweihungsfeier und gratulieren dem Team der Dorfschule und insbesondere Marie-Therese zu diesem gelungen Coup.<\/p>\n\n\n\n<p>Bilder: (1) Dorfschule, (2) Neumann Architektur<\/p>\n","protected":false},"excerpt":{"rendered":"<p>Der eine oder andere Anwohner hat sich wohl schon \u00fcber die neue Baustelle an der Dorfschule gewundert. Auf der B\u00fcrgerversammlung gestern Abend in der Dorfschule wurde die Katze aus dem Sack gelassen. Ginderich bekommt eine Eventhalle. Marie-Therese Bauer stellte den interessierten Gindericher B\u00fcrgern das Projekt zurecht mit einer geh\u00f6rigen Portion Stolz vor. Mit der Eventhalle &hellip; <a href=\"http:\/\/ginderich.de\/?p=2111\" class=\"more-link\"><span class=\"screen-reader-text\">Eventhalle f\u00fcr Ginderich<\/span> weiterlesen<\/a><\/p>\n","protected":false},"author":3,"featured_media":2113,"comment_status":"closed","ping_status":"open","sticky":false,"template":"","format":"standard","meta":[],"categories":[1],"tags":[],"_links":{"self":[{"href":"http:\/\/ginderich.de\/index.php?rest_route=\/wp\/v2\/posts\/2111"}],"collection":[{"href":"http:\/\/ginderich.de\/index.php?rest_route=\/wp\/v2\/posts"}],"about":[{"href":"http:\/\/ginderich.de\/index.php?rest_route=\/wp\/v2\/types\/post"}],"author":[{"embeddable":true,"href":"http:\/\/ginderich.de\/index.php?rest_route=\/wp\/v2\/users\/3"}],"replies":[{"embeddable":true,"href":"http:\/\/ginderich.de\/index.php?rest_route=%2Fwp%2Fv2%2Fcomments&post=2111"}],"version-history":[{"count":3,"href":"http:\/\/ginderich.de\/index.php?rest_route=\/wp\/v2\/posts\/2111\/revisions"}],"predecessor-version":[{"id":2116,"href":"http:\/\/ginderich.de\/index.php?rest_route=\/wp\/v2\/posts\/2111\/revisions\/2116"}],"wp:featuredmedia":[{"embeddable":true,"href":"http:\/\/ginderich.de\/index.php?rest_route=\/wp\/v2\/media\/2113"}],"wp:attachment":[{"href":"http:\/\/ginderich.de\/index.php?rest_route=%2Fwp%2Fv2%2Fmedia&parent=2111"}],"wp:term":[{"taxonomy":"category","embeddable":true,"href":"http:\/\/ginderich.de\/index.php?rest_route=%2Fwp%2Fv2%2Fcategories&post=2111"},{"taxonomy":"post_tag","embeddable":true,"href":"http:\/\/ginderich.de\/index.php?rest_route=%2Fwp%2Fv2%2Ftags&post=2111"}],"curies":[{"name":"wp","href":"https:\/\/api.w.org\/{rel}","templated":true}]}}