{"id":1628,"date":"2020-07-06T09:44:43","date_gmt":"2020-07-06T09:44:43","guid":{"rendered":"http:\/\/ginderich.de\/?p=1628"},"modified":"2020-07-06T09:44:43","modified_gmt":"2020-07-06T09:44:43","slug":"gest-erhebe-dich","status":"publish","type":"post","link":"http:\/\/ginderich.de\/?p=1628","title":{"rendered":"Gest erhebe dich"},"content":{"rendered":"\n<p>Wann und von wem wurde eigentlich die Aufl\u00f6sung von Gest beschlossen und wer hat der Annektion durch B\u00fcderich zugestimmt? Was w\u00fcrden die Werricher und Perricher sagen, wenn sie pl\u00f6tzlich Gindericher w\u00e4ren?<\/p>\n\n\n\n<figure class=\"wp-block-image size-large\"><img loading=\"lazy\" width=\"1024\" height=\"498\" src=\"http:\/\/ginderich.de\/wp-content\/uploads\/2020\/07\/20200705_181209-1024x498.jpg\" alt=\"\" class=\"wp-image-1630\" srcset=\"http:\/\/ginderich.de\/wp-content\/uploads\/2020\/07\/20200705_181209-1024x498.jpg 1024w, http:\/\/ginderich.de\/wp-content\/uploads\/2020\/07\/20200705_181209-300x146.jpg 300w, http:\/\/ginderich.de\/wp-content\/uploads\/2020\/07\/20200705_181209-768x373.jpg 768w, http:\/\/ginderich.de\/wp-content\/uploads\/2020\/07\/20200705_181209-1536x747.jpg 1536w, http:\/\/ginderich.de\/wp-content\/uploads\/2020\/07\/20200705_181209-2048x996.jpg 2048w\" sizes=\"(max-width: 1024px) 100vw, 1024px\" \/><\/figure>\n\n\n\n<figure class=\"wp-block-image size-large\"><img loading=\"lazy\" width=\"1024\" height=\"498\" src=\"http:\/\/ginderich.de\/wp-content\/uploads\/2020\/07\/20200705_181228-1024x498.jpg\" alt=\"\" class=\"wp-image-1631\" srcset=\"http:\/\/ginderich.de\/wp-content\/uploads\/2020\/07\/20200705_181228-1024x498.jpg 1024w, http:\/\/ginderich.de\/wp-content\/uploads\/2020\/07\/20200705_181228-300x146.jpg 300w, http:\/\/ginderich.de\/wp-content\/uploads\/2020\/07\/20200705_181228-768x373.jpg 768w, http:\/\/ginderich.de\/wp-content\/uploads\/2020\/07\/20200705_181228-1536x747.jpg 1536w, http:\/\/ginderich.de\/wp-content\/uploads\/2020\/07\/20200705_181228-2048x996.jpg 2048w\" sizes=\"(max-width: 1024px) 100vw, 1024px\" \/><\/figure>\n","protected":false},"excerpt":{"rendered":"<p>Wann und von wem wurde eigentlich die Aufl\u00f6sung von Gest beschlossen und wer hat der Annektion durch B\u00fcderich zugestimmt? Was w\u00fcrden die Werricher und Perricher sagen, wenn sie pl\u00f6tzlich Gindericher w\u00e4ren?<\/p>\n","protected":false},"author":3,"featured_media":1629,"comment_status":"closed","ping_status":"open","sticky":false,"template":"","format":"standard","meta":[],"categories":[1],"tags":[],"_links":{"self":[{"href":"http:\/\/ginderich.de\/index.php?rest_route=\/wp\/v2\/posts\/1628"}],"collection":[{"href":"http:\/\/ginderich.de\/index.php?rest_route=\/wp\/v2\/posts"}],"about":[{"href":"http:\/\/ginderich.de\/index.php?rest_route=\/wp\/v2\/types\/post"}],"author":[{"embeddable":true,"href":"http:\/\/ginderich.de\/index.php?rest_route=\/wp\/v2\/users\/3"}],"replies":[{"embeddable":true,"href":"http:\/\/ginderich.de\/index.php?rest_route=%2Fwp%2Fv2%2Fcomments&post=1628"}],"version-history":[{"count":1,"href":"http:\/\/ginderich.de\/index.php?rest_route=\/wp\/v2\/posts\/1628\/revisions"}],"predecessor-version":[{"id":1632,"href":"http:\/\/ginderich.de\/index.php?rest_route=\/wp\/v2\/posts\/1628\/revisions\/1632"}],"wp:featuredmedia":[{"embeddable":true,"href":"http:\/\/ginderich.de\/index.php?rest_route=\/wp\/v2\/media\/1629"}],"wp:attachment":[{"href":"http:\/\/ginderich.de\/index.php?rest_route=%2Fwp%2Fv2%2Fmedia&parent=1628"}],"wp:term":[{"taxonomy":"category","embeddable":true,"href":"http:\/\/ginderich.de\/index.php?rest_route=%2Fwp%2Fv2%2Fcategories&post=1628"},{"taxonomy":"post_tag","embeddable":true,"href":"http:\/\/ginderich.de\/index.php?rest_route=%2Fwp%2Fv2%2Ftags&post=1628"}],"curies":[{"name":"wp","href":"https:\/\/api.w.org\/{rel}","templated":true}]}}