{"id":1623,"date":"2020-07-06T09:16:17","date_gmt":"2020-07-06T09:16:17","guid":{"rendered":"http:\/\/ginderich.de\/?p=1623"},"modified":"2020-07-06T09:39:18","modified_gmt":"2020-07-06T09:39:18","slug":"koenig-2020","status":"publish","type":"post","link":"http:\/\/ginderich.de\/?p=1623","title":{"rendered":"K\u00f6nig 2020"},"content":{"rendered":"\n<p>Gestern um 20 Uhr war es dann soweit. Ginderich hat einen neuen K\u00f6nig. Ganz ohne einen Schu\u00df abzugeben, wurde Helmut Peters zum K\u00f6nig der  Regentschaftsjahre 2020 bis 2022. Zu seiner K\u00f6nigin erw\u00e4hlte er Nicol  Peters. Beide k\u00f6nnen auf eine zweij\u00e4hrige Erfahrung als Regenten  zur\u00fcckblicken. Wir w\u00fcnschen den beiden und dem gesamten Thron (auch hier  gab es keine Ver\u00e4nderungen) eine tolle Regentschaftszeit und viel Spa\u00df  im Amt. <\/p>\n\n\n\n<div class=\"wp-block-image\"><figure class=\"aligncenter size-large\"><img loading=\"lazy\" width=\"480\" height=\"682\" src=\"http:\/\/ginderich.de\/wp-content\/uploads\/2020\/07\/Titelseite-Festzeitschrift-draft.jpg\" alt=\"\" class=\"wp-image-1625\" srcset=\"http:\/\/ginderich.de\/wp-content\/uploads\/2020\/07\/Titelseite-Festzeitschrift-draft.jpg 480w, http:\/\/ginderich.de\/wp-content\/uploads\/2020\/07\/Titelseite-Festzeitschrift-draft-211x300.jpg 211w\" sizes=\"(max-width: 480px) 100vw, 480px\" \/><\/figure><\/div>\n\n\n\n<p>den gesamten Artikel gibt es hier: <a href=\"https:\/\/schuetzen-ginderich.de\/koenig-2020\/\">https:\/\/schuetzen-ginderich.de\/koenig-2020\/<\/a><\/p>\n","protected":false},"excerpt":{"rendered":"<p>Gestern um 20 Uhr war es dann soweit. Ginderich hat einen neuen K\u00f6nig. Ganz ohne einen Schu\u00df abzugeben, wurde Helmut Peters zum K\u00f6nig der Regentschaftsjahre 2020 bis 2022. Zu seiner K\u00f6nigin erw\u00e4hlte er Nicol Peters. Beide k\u00f6nnen auf eine zweij\u00e4hrige Erfahrung als Regenten zur\u00fcckblicken. Wir w\u00fcnschen den beiden und dem gesamten Thron (auch hier gab &hellip; <a href=\"http:\/\/ginderich.de\/?p=1623\" class=\"more-link\"><span class=\"screen-reader-text\">K\u00f6nig 2020<\/span> weiterlesen<\/a><\/p>\n","protected":false},"author":3,"featured_media":1627,"comment_status":"closed","ping_status":"open","sticky":false,"template":"","format":"standard","meta":[],"categories":[1],"tags":[],"_links":{"self":[{"href":"http:\/\/ginderich.de\/index.php?rest_route=\/wp\/v2\/posts\/1623"}],"collection":[{"href":"http:\/\/ginderich.de\/index.php?rest_route=\/wp\/v2\/posts"}],"about":[{"href":"http:\/\/ginderich.de\/index.php?rest_route=\/wp\/v2\/types\/post"}],"author":[{"embeddable":true,"href":"http:\/\/ginderich.de\/index.php?rest_route=\/wp\/v2\/users\/3"}],"replies":[{"embeddable":true,"href":"http:\/\/ginderich.de\/index.php?rest_route=%2Fwp%2Fv2%2Fcomments&post=1623"}],"version-history":[{"count":1,"href":"http:\/\/ginderich.de\/index.php?rest_route=\/wp\/v2\/posts\/1623\/revisions"}],"predecessor-version":[{"id":1626,"href":"http:\/\/ginderich.de\/index.php?rest_route=\/wp\/v2\/posts\/1623\/revisions\/1626"}],"wp:featuredmedia":[{"embeddable":true,"href":"http:\/\/ginderich.de\/index.php?rest_route=\/wp\/v2\/media\/1627"}],"wp:attachment":[{"href":"http:\/\/ginderich.de\/index.php?rest_route=%2Fwp%2Fv2%2Fmedia&parent=1623"}],"wp:term":[{"taxonomy":"category","embeddable":true,"href":"http:\/\/ginderich.de\/index.php?rest_route=%2Fwp%2Fv2%2Fcategories&post=1623"},{"taxonomy":"post_tag","embeddable":true,"href":"http:\/\/ginderich.de\/index.php?rest_route=%2Fwp%2Fv2%2Ftags&post=1623"}],"curies":[{"name":"wp","href":"https:\/\/api.w.org\/{rel}","templated":true}]}}